[{"@context":"https:\/\/schema.org\/","@type":"Article","@id":"https:\/\/www.ace-cr.cz\/vsechny-modni-barvy-duhy\/#Article","mainEntityOfPage":"https:\/\/www.ace-cr.cz\/vsechny-modni-barvy-duhy\/","headline":"V\u0161echny m\u00f3dn\u00ed barvy duhy","name":"V\u0161echny m\u00f3dn\u00ed barvy duhy","description":"Jakmile p\u0159ijde jaro, u\u017e se za\u010d\u00edn\u00e1me v obchodech natahovat po barevn\u00e9m oble\u010den\u00ed. V m\u00f3dn\u00edm sv\u011bt\u011b existuj\u00ed nyn\u00ed barvy, kter\u00e9 bychom m\u011bly rozhodn\u011b vyzkou\u0161et, nap\u0159\u00edklad v letn\u00edch m\u011bs\u00edc\u00edch. V\u00e1h\u00e1te-li nad n\u011bkter\u00fdmi barevn\u00fdmi kousky, jestli se k v\u00e1m hod\u00ed, rad\u00edme v\u00e1m, vyb\u00edrejte si je podle sv\u00fdch vlastn\u00edch pocit\u016f. V n\u011bkter\u00fdch barv\u00e1ch se toti\u017e c\u00edt\u00edme dob\u0159e, a v [&hellip;]","datePublished":"2017-11-09","dateModified":"2023-04-27","author":{"@type":"Person","@id":"https:\/\/www.ace-cr.cz\/author\/devene\/#Person","name":"devene","url":"https:\/\/www.ace-cr.cz\/author\/devene\/","identifier":1,"image":{"@type":"ImageObject","@id":"https:\/\/secure.gravatar.com\/avatar\/4006af731f458a56e90e1a4ecbb37f08f11b51b80cb9267b6a6e5547922ff49d?s=96&d=mm&r=g","url":"https:\/\/secure.gravatar.com\/avatar\/4006af731f458a56e90e1a4ecbb37f08f11b51b80cb9267b6a6e5547922ff49d?s=96&d=mm&r=g","height":96,"width":96}},"publisher":{"@type":"Organization","name":"ace-cr.cz","logo":{"@type":"ImageObject","@id":"\/logo.png","url":"\/logo.png","width":600,"height":60}},"image":{"@type":"ImageObject","@id":"https:\/\/www.ace-cr.cz\/wp-content\/uploads\/img_a304390_w1746_t1515491126.jpg","url":"https:\/\/www.ace-cr.cz\/wp-content\/uploads\/img_a304390_w1746_t1515491126.jpg","height":0,"width":0},"url":"https:\/\/www.ace-cr.cz\/vsechny-modni-barvy-duhy\/","wordCount":419,"articleBody":"Jakmile p\u0159ijde jaro, u\u017e se za\u010d\u00edn\u00e1me v obchodech natahovat po barevn\u00e9m oble\u010den\u00ed. V m\u00f3dn\u00edm sv\u011bt\u011b existuj\u00ed nyn\u00ed barvy, kter\u00e9 bychom m\u011bly rozhodn\u011b vyzkou\u0161et, nap\u0159\u00edklad v letn\u00edch m\u011bs\u00edc\u00edch. V\u00e1h\u00e1te-li nad n\u011bkter\u00fdmi barevn\u00fdmi kousky, jestli se k v\u00e1m hod\u00ed, rad\u00edme v\u00e1m, vyb\u00edrejte si je podle sv\u00fdch vlastn\u00edch pocit\u016f. V n\u011bkter\u00fdch barv\u00e1ch se toti\u017e c\u00edt\u00edme dob\u0159e, a v n\u011bkter\u00fdch v\u016fbec ne. Pokud m\u00e1te n\u011bjakou svoji obl\u00edbenou barvu, vyzkou\u0161ejte ji v nejr\u016fzn\u011bj\u0161\u00edch odst\u00ednech.\tR\u016f\u017eov\u00e1 to mus\u00ed b\u00fdtR\u016f\u017eov\u00e1 barva v od\u00edv\u00e1n\u00ed je leto\u0161n\u00ed rok \u017e\u00e1douc\u00ed. Nos\u00ed se snad ve v\u0161ech mo\u017en\u00fdch odst\u00ednech. I tady v\u0161ak plat\u00ed, \u017ee m\u00e9n\u011b je v\u00edce. Myslete na to, a pokud si zvol\u00edte barevn\u00fd r\u016f\u017eov\u00fd vr\u0161ek, kter\u00fd je zdoben\u00fd krajkou, dopl\u0148te jej pouze jednoduchou sukn\u00ed, anebo kalhotami, v podobn\u00e9m odst\u00ednu.\tL\u00e9to m\u00e1 zelenouTento vesel\u00fd barevn\u00fd odst\u00edn je za ka\u017ed\u00fdch okolnost\u00ed sv\u011b\u017e\u00ed, obzvl\u00e1\u0161t\u011b syt\u011b zelen\u00fd, kter\u00fd p\u0159ipom\u00edn\u00e1 svou barvou tr\u00e1vn\u00edk v l\u00e9t\u011b. K \u0161at\u016fm, kter\u00e9 zvol\u00edte v t\u00e9to intenzivn\u00ed barv\u011b, jsou vhodn\u00e9 i tenisky.\tCitron\u00e1daB\u011bhem hork\u00fdch letn\u00edch dn\u00ed je ide\u00e1ln\u00ed barva v \u0161atn\u00edku jasn\u00e1 citronov\u011b \u017elut\u00e1. Aby v\u0161ak dokonale vynikla, je t\u0159eba ji doplnit \u010distou b\u00edlou. Tato b\u00edl\u00e1 barva \u017elutou kr\u00e1sn\u011b dopln\u00ed, a z\u00e1rove\u0148 nep\u0159ebije.\tModr\u00e9 z nebePastelov\u00e9 barvy jsou v\u017edy kr\u00e1sn\u00e9, ale co takhle vyzkou\u0161et tmav\u0161\u00ed odst\u00edny, jako je nap\u0159\u00edklad ultramar\u00ednov\u00e1 modr\u00e1, anebo kr\u00e1lovsk\u00e1 mod\u0159. S\u00e1hnout m\u016f\u017eete sm\u011ble ale i po kobaltov\u00e9 modr\u00e9. Pokud budete nav\u00edc op\u00e1len\u00e1, fantasticky na v\u00e1s tyto syt\u00e9 barevn\u00e9 odst\u00edny vyniknou.\tBarevn\u00e9 kombinov\u00e1n\u00edKor\u00e1lov\u011b \u010derven\u00e1 bude velice kr\u00e1sn\u011b p\u016fsobit, pokud ji zkombinujete s b\u00e9\u017eovou barvou. Zrovna tak to plat\u00ed i v p\u0159\u00edpad\u011b tyrkysov\u011b zelen\u00e9 barvy. Chybu neud\u011bl\u00e1te, ani kdy\u017e s\u00e1hnete po kombinaci b\u00e9\u017eov\u00e9 barva s jasn\u011b \u017elut\u00fdm odst\u00ednem. N\u00e1dhern\u011b ov\u0161em p\u016fsob\u00ed rovn\u011b\u017e kombinace tmav\u011b modr\u00e9 barvy s rezav\u00fdmi odst\u00edny. Ty odv\u00e1\u017en\u011bj\u0161\u00ed z v\u00e1s se mohou pokusit podle n\u00e1vrh\u00e1\u0159\u016f zkombinovat barvy tmav\u011b modrou, syt\u011b zelenou, fialovou a rezavou.                                                                                                                                                                                                                                                                                                                                                                                        4.7\/5 - (12 votes)        "},{"@context":"https:\/\/schema.org\/","@type":"BreadcrumbList","itemListElement":[{"@type":"ListItem","position":1,"name":"V\u0161echny m\u00f3dn\u00ed barvy duhy","item":"https:\/\/www.ace-cr.cz\/vsechny-modni-barvy-duhy\/#breadcrumbitem"}]}]