[{"@context":"https:\/\/schema.org\/","@type":"Article","@id":"https:\/\/www.ace-cr.cz\/tvorba-z-niz-prechazi-zrak\/#Article","mainEntityOfPage":"https:\/\/www.ace-cr.cz\/tvorba-z-niz-prechazi-zrak\/","headline":"Tvorba z n\u00ed\u017e p\u0159ech\u00e1z\u00ed zrak","name":"Tvorba z n\u00ed\u017e p\u0159ech\u00e1z\u00ed zrak","description":"Podkrovn\u00ed prostory lid\u00e9 nevyu\u017e\u00edvaj\u00ed jen na kr\u00e1sn\u00e9 byty, ale vyu\u017e\u00edvaj\u00ed je tak\u00e9 jako ateli\u00e9ry. Mno\u017estv\u00ed socha\u0159\u016f, mal\u00ed\u0159\u016f a fotograf\u016f si v takov\u00fdch prostorech po\u0159\u00eddili svoje mal\u00e9 kr\u00e1lovstv\u00ed, kde se mohli pustit do tvorby, z n\u00ed\u017e p\u0159ech\u00e1z\u00ed zrak. Ale aby bylo mo\u017en\u00e9 podkrovn\u00ed prostory vyu\u017e\u00edvat jako ateli\u00e9r, je zapot\u0159eb\u00ed po\u0159\u00eddit dostate\u010dn\u00e9 mno\u017estv\u00ed st\u0159e\u0161n\u00edch oken, aby bylo [&hellip;]","datePublished":"2025-09-03","dateModified":"2025-09-03","author":{"@type":"Person","@id":"https:\/\/www.ace-cr.cz\/author\/devene\/#Person","name":"devene","url":"https:\/\/www.ace-cr.cz\/author\/devene\/","identifier":1,"image":{"@type":"ImageObject","@id":"https:\/\/secure.gravatar.com\/avatar\/4006af731f458a56e90e1a4ecbb37f08f11b51b80cb9267b6a6e5547922ff49d?s=96&d=mm&r=g","url":"https:\/\/secure.gravatar.com\/avatar\/4006af731f458a56e90e1a4ecbb37f08f11b51b80cb9267b6a6e5547922ff49d?s=96&d=mm&r=g","height":96,"width":96}},"publisher":{"@type":"Organization","name":"ace-cr.cz","logo":{"@type":"ImageObject","@id":"\/logo.png","url":"\/logo.png","width":600,"height":60}},"url":"https:\/\/www.ace-cr.cz\/tvorba-z-niz-prechazi-zrak\/","wordCount":160,"articleBody":"Podkrovn\u00ed prostory lid\u00e9 nevyu\u017e\u00edvaj\u00ed jen na kr\u00e1sn\u00e9 byty, ale vyu\u017e\u00edvaj\u00ed je tak\u00e9 jako ateli\u00e9ry. Mno\u017estv\u00ed socha\u0159\u016f, mal\u00ed\u0159\u016f a fotograf\u016f si v takov\u00fdch prostorech po\u0159\u00eddili svoje mal\u00e9 kr\u00e1lovstv\u00ed, kde se mohli pustit do tvorby, z n\u00ed\u017e p\u0159ech\u00e1z\u00ed zrak. Ale aby bylo mo\u017en\u00e9 podkrovn\u00ed prostory vyu\u017e\u00edvat jako ateli\u00e9r, je zapot\u0159eb\u00ed po\u0159\u00eddit dostate\u010dn\u00e9 mno\u017estv\u00ed st\u0159e\u0161n\u00edch oken, aby bylo v m\u00edstnosti dostate\u010dn\u00e9 mno\u017estv\u00ed sv\u011btla, proto\u017ee to p\u0159edstavuje z\u00e1klad.Domluvte se na atypick\u00fdch rozm\u011brechProto bude t\u0159eba po\u0159\u00eddit si v\u011bt\u0161\u00ed okna ne\u017e je obvykl\u00fd standard u\u017e\u00edvan\u00fd v b\u011b\u017en\u00fdch bytech. Je tedy vhodn\u00e9 v\u010das kontaktovat v\u00fdrobce a domluvit se s n\u00edm na atypick\u00fdch rozm\u011brech. Poptejte zak\u00e1zku co nejd\u0159\u00edve, abyste i Vy mohli m\u00edt sv\u016fj soukrom\u00fd ateli\u00e9r co nejd\u0159\u00edve k dispozici.                                                                                                                                                                                                                                                                                                                                                                                                "},{"@context":"https:\/\/schema.org\/","@type":"BreadcrumbList","itemListElement":[{"@type":"ListItem","position":1,"name":"Tvorba z n\u00ed\u017e p\u0159ech\u00e1z\u00ed zrak","item":"https:\/\/www.ace-cr.cz\/tvorba-z-niz-prechazi-zrak\/#breadcrumbitem"}]}]