[{"@context":"https:\/\/schema.org\/","@type":"Article","@id":"https:\/\/www.ace-cr.cz\/letosni-vanoce-budou-bile-alespon-u-vas-doma-bila-barva-je-totiz-barvou-ktera-ovlada-letosni-vyzdobu\/#Article","mainEntityOfPage":"https:\/\/www.ace-cr.cz\/letosni-vanoce-budou-bile-alespon-u-vas-doma-bila-barva-je-totiz-barvou-ktera-ovlada-letosni-vyzdobu\/","headline":"Leto\u0161n\u00ed V\u00e1noce budou b\u00edl\u00e9. Alespo\u0148 u v\u00e1s doma. B\u00edl\u00e1 barva je toti\u017e barvou, kter\u00e1 ovl\u00e1d\u00e1 leto\u0161n\u00ed v\u00fdzdobu.","name":"Leto\u0161n\u00ed V\u00e1noce budou b\u00edl\u00e9. Alespo\u0148 u v\u00e1s doma. B\u00edl\u00e1 barva je toti\u017e barvou, kter\u00e1 ovl\u00e1d\u00e1 leto\u0161n\u00ed v\u00fdzdobu.","description":"Ka\u017ed\u00fd rok nejlep\u0161\u00ed design\u00e9\u0159i z cel\u00e9ho sv\u011bta vyhla\u0161uj\u00ed trendy na nadch\u00e1zej\u00edc\u00ed V\u00e1noce. Letos by m\u011bla v\u00e1no\u010dn\u00ed v\u00fdzdob\u011b v\u00e9vodit barva b\u00edl\u00e1. Tu m\u00e1me spojenou s \u010distotou a tak\u00e9 je to barva sn\u011bhu. Toho si sice v n\u00ed\u017ein\u00e1ch u n\u00e1s asi zase moc neu\u017eijeme ale i tak si m\u016f\u017eeme b\u00edl\u00e9 V\u00e1noce u\u017e\u00edt. Sta\u010d\u00ed, kdy\u017e b\u00edlou barvu \u0161ikovn\u011b [&hellip;]","datePublished":"2019-09-06","dateModified":"2023-04-27","author":{"@type":"Person","@id":"https:\/\/www.ace-cr.cz\/author\/devene\/#Person","name":"devene","url":"https:\/\/www.ace-cr.cz\/author\/devene\/","identifier":1,"image":{"@type":"ImageObject","@id":"https:\/\/secure.gravatar.com\/avatar\/4006af731f458a56e90e1a4ecbb37f08f11b51b80cb9267b6a6e5547922ff49d?s=96&d=mm&r=g","url":"https:\/\/secure.gravatar.com\/avatar\/4006af731f458a56e90e1a4ecbb37f08f11b51b80cb9267b6a6e5547922ff49d?s=96&d=mm&r=g","height":96,"width":96}},"publisher":{"@type":"Organization","name":"ace-cr.cz","logo":{"@type":"ImageObject","@id":"\/logo.png","url":"\/logo.png","width":600,"height":60}},"image":{"@type":"ImageObject","@id":"https:\/\/www.ace-cr.cz\/wp-content\/uploads\/img_a369242_w1746_t1581412100.jpg","url":"https:\/\/www.ace-cr.cz\/wp-content\/uploads\/img_a369242_w1746_t1581412100.jpg","height":0,"width":0},"url":"https:\/\/www.ace-cr.cz\/letosni-vanoce-budou-bile-alespon-u-vas-doma-bila-barva-je-totiz-barvou-ktera-ovlada-letosni-vyzdobu\/","about":["Z\u00e1bava"],"wordCount":558,"articleBody":"       Ka\u017ed\u00fd rok nejlep\u0161\u00ed design\u00e9\u0159i z cel\u00e9ho sv\u011bta vyhla\u0161uj\u00ed trendy na nadch\u00e1zej\u00edc\u00ed V\u00e1noce. Letos by m\u011bla v\u00e1no\u010dn\u00ed v\u00fdzdob\u011b v\u00e9vodit barva b\u00edl\u00e1. Tu m\u00e1me spojenou s \u010distotou a tak\u00e9 je to barva sn\u011bhu. Toho si sice v n\u00ed\u017ein\u00e1ch u n\u00e1s asi zase moc neu\u017eijeme ale i tak si m\u016f\u017eeme b\u00edl\u00e9 V\u00e1noce u\u017e\u00edt. Sta\u010d\u00ed, kdy\u017e b\u00edlou barvu \u0161ikovn\u011b zakomponujete do sv\u00e9 leto\u0161n\u00ed v\u00e1no\u010dn\u00ed v\u00fdzdoby. Co\u017e je skv\u011bl\u00e9, proto\u017ee b\u00edl\u00e1 se p\u0159ece skv\u011ble kombinuje se v\u0161emi barvami. Star\u00e9 ozdoby tak klidn\u011b vyt\u00e1hn\u011bte a p\u0159idejte k nim n\u00e1padit\u00e9 b\u00edl\u00e9 prvky. A pokud m\u00e1te i star\u0161\u00ed ozdoby po babi\u010dce nebo ty z va\u0161eho d\u011btstv\u00ed, ur\u010dit\u011b je nezapome\u0148te tak\u00e9 opr\u00e1\u0161it. Krom\u011b b\u00edl\u00e9 barvy toti\u017e letos fr\u010d\u00ed i jednoduch\u00e9 p\u0159\u00edrodn\u00ed ozdoby a retro ozdoby, kter\u00e9 zn\u00e1me z dob na\u0161eho vyr\u016fst\u00e1n\u00ed.   P\u0159edstava b\u00edl\u00fdch V\u00e1noc Kdy\u017e si v\u0161imnete, tak pov\u011bt\u0161inou je v\u00e1no\u010dn\u00ed krajina zobrazov\u00e1na jako zasn\u011b\u017een\u00e1. Hory sn\u011bhu na V\u00e1noce si u n\u00e1s sice m\u016f\u017eeme dop\u0159\u00e1t tak maxim\u00e1ln\u011b na hor\u00e1ch ale i tak je tato p\u0159edstava kr\u00e1sn\u00e1. P\u0159edstava b\u00edl\u00fdch V\u00e1noc se dochovala z obdob\u00ed, kdy je\u0161t\u011b u n\u00e1s sn\u011b\u017eilo \u010dast\u011bji, a proto\u017ee zimn\u00ed krajina m\u00e1 b\u00fdt zasn\u011b\u017een\u00e1, z\u016fstalo n\u00e1m to alespo\u0148 na obr\u00e1zc\u00edch. Letos ale V\u00e1noce mohou b\u00fdt b\u00edl\u00e9, i kdy\u017e za okny sn\u011b\u017eit nebude. V\u00e1no\u010dn\u00ed inspirace pro tento rok rad\u00ed, pou\u017e\u00edt b\u00edlou barvu v na\u0161\u00ed v\u00fdzdob\u011b. B\u00edl\u00e1 barva se \u00fa\u017easn\u011b kombinuje, proto sta\u010d\u00ed, kdy\u017e si po\u0159\u00edd\u00edte p\u00e1r b\u00edl\u00fdch ozdob a zakomponujete je do sv\u00e9 v\u00fdzdoby t\u0159eba i z lo\u0148sk\u00e9ho roku. A\u0165 u\u017e s \u010dervenou, modrou, zelenou, zlatou nebo st\u0159\u00edbrnou \u2013 b\u00edl\u00e1 barva vynikne v ka\u017ed\u00e9m p\u0159\u00edpad\u011b. Pro v\u00fdzdobu oken i v\u00e1no\u010dn\u00edho strome\u010dku pou\u017eijte klidn\u011b i um\u011bl\u00fd sn\u00edh ve spreji a vykouzlete si v okam\u017eiku zasn\u011b\u017een\u00fd efekt kdekoliv doma. Leto\u0161n\u00edm trend\u016fm v\u00e9vod\u00ed jednoduchost, p\u0159\u00edrodn\u00ed materi\u00e1ly, kombinace materi\u00e1l\u016f a retro ozdoby, kter\u00e9 je\u0161t\u011b mo\u017en\u00e1 m\u00e1te doma ve sklep\u011b. Tak hur\u00e1 do toho.   Poh\u00e1dkov\u00e9 v\u011btvi\u010dky I dekorace na st\u016fl m\u016f\u017ee b\u00fdt jako z poh\u00e1dky o Ledov\u00e9m kr\u00e1lovstv\u00ed. P\u0159ineste si z lesa jednu v\u011bti\u010dku bez list\u00ed a tu nast\u0159\u00edkejte t\u0159pytkami ve spreji. Vemte si tav\u00edc\u00ed pistoli a hrubozrnnou s\u016fl a tu na v\u011btvi\u010dku pot\u00e9 nalepte. Vznikne v\u00e1m doslova poh\u00e1dkov\u00e1 zmrzl\u00e1 v\u011btvi\u010dka, kterou sta\u010d\u00ed d\u00e1t do oby\u010dejn\u00e9 v\u00e1zy. Jednoduch\u00e1 dekorace je r\u00e1zem na sv\u011bt\u011b. Dokonal\u00fd retro efekt vytvo\u0159\u00ed zase ozdoby vytvo\u0159en\u00e9 ze star\u00fdch formi\u010dek na v\u00e1no\u010dn\u00ed pracny. Umyjte je a p\u0159ipevn\u011bte k nim stu\u017eky. Pov\u011bste na strome\u010dek a m\u00e1te origin\u00e1ln\u00ed ozdoby. Ve fantazii se meze nekladou. Co vymysl\u00edte vy?                                                                                                                                                                                                                                                                                                                                                                                          4.3\/5 - (7 votes)        "},{"@context":"https:\/\/schema.org\/","@type":"BreadcrumbList","itemListElement":[{"@type":"ListItem","position":1,"name":"Leto\u0161n\u00ed V\u00e1noce budou b\u00edl\u00e9. Alespo\u0148 u v\u00e1s doma. B\u00edl\u00e1 barva je toti\u017e barvou, kter\u00e1 ovl\u00e1d\u00e1 leto\u0161n\u00ed v\u00fdzdobu.","item":"https:\/\/www.ace-cr.cz\/letosni-vanoce-budou-bile-alespon-u-vas-doma-bila-barva-je-totiz-barvou-ktera-ovlada-letosni-vyzdobu\/#breadcrumbitem"}]}]