[{"@context":"https:\/\/schema.org\/","@type":"Article","@id":"https:\/\/www.ace-cr.cz\/kvalitni-vesak-by-nemel-chybet-v-zadne-domacnosti-ani-ve-verejne-cekarne\/#Article","mainEntityOfPage":"https:\/\/www.ace-cr.cz\/kvalitni-vesak-by-nemel-chybet-v-zadne-domacnosti-ani-ve-verejne-cekarne\/","headline":"Kvalitn\u00ed v\u011b\u0161\u00e1k by nem\u011bl chyb\u011bt v \u017e\u00e1dn\u00e9 dom\u00e1cnosti ani ve ve\u0159ejn\u00e9 \u010dek\u00e1rn\u011b","name":"Kvalitn\u00ed v\u011b\u0161\u00e1k by nem\u011bl chyb\u011bt v \u017e\u00e1dn\u00e9 dom\u00e1cnosti ani ve ve\u0159ejn\u00e9 \u010dek\u00e1rn\u011b","description":"A\u0165 u\u017e za\u0159izujete kancel\u00e1\u0159, \u010dek\u00e1rnu anebo pouze p\u0159eds\u00ed\u0148 vlastn\u00edho bytu, pak by v n\u00ed rozhodn\u011b nem\u011bl chyb\u011bt n\u011bm\u00fd sluha anebo alespo\u0148 v\u011b\u0161\u00e1k . \u010clov\u011bk si toti\u017e p\u0159irozen\u011b po p\u0159\u00edchodu z venkovn\u00edho prost\u0159ed\u00ed do interi\u00e9ru pot\u0159ebuje odlo\u017eit sv\u00e9 svr\u0161ky, a to i v p\u0159\u00edpad\u011b, \u017ee venku zrovna vl\u00e1dne slune\u010dn\u00e9 po\u010das\u00ed, nebo\u0165 i v takov\u00e9m p\u0159\u00edpad\u011b s [&hellip;]","datePublished":"2017-10-05","dateModified":"2023-04-27","author":{"@type":"Person","@id":"https:\/\/www.ace-cr.cz\/author\/devene\/#Person","name":"devene","url":"https:\/\/www.ace-cr.cz\/author\/devene\/","identifier":1,"image":{"@type":"ImageObject","@id":"https:\/\/secure.gravatar.com\/avatar\/4006af731f458a56e90e1a4ecbb37f08f11b51b80cb9267b6a6e5547922ff49d?s=96&d=mm&r=g","url":"https:\/\/secure.gravatar.com\/avatar\/4006af731f458a56e90e1a4ecbb37f08f11b51b80cb9267b6a6e5547922ff49d?s=96&d=mm&r=g","height":96,"width":96}},"publisher":{"@type":"Organization","name":"ace-cr.cz","logo":{"@type":"ImageObject","@id":"\/logo.png","url":"\/logo.png","width":600,"height":60}},"image":{"@type":"ImageObject","@id":"https:\/\/www.ace-cr.cz\/wp-content\/uploads\/img_a302599_w1746_t1512476631.jpg","url":"https:\/\/www.ace-cr.cz\/wp-content\/uploads\/img_a302599_w1746_t1512476631.jpg","height":0,"width":0},"url":"https:\/\/www.ace-cr.cz\/kvalitni-vesak-by-nemel-chybet-v-zadne-domacnosti-ani-ve-verejne-cekarne\/","wordCount":428,"articleBody":"      A\u0165 u\u017e za\u0159izujete kancel\u00e1\u0159, \u010dek\u00e1rnu anebo pouze p\u0159eds\u00ed\u0148 vlastn\u00edho bytu, pak by v n\u00ed rozhodn\u011b nem\u011bl chyb\u011bt n\u011bm\u00fd sluha anebo alespo\u0148 v\u011b\u0161\u00e1k . \u010clov\u011bk si toti\u017e p\u0159irozen\u011b po p\u0159\u00edchodu z venkovn\u00edho prost\u0159ed\u00ed do interi\u00e9ru pot\u0159ebuje odlo\u017eit sv\u00e9 svr\u0161ky, a to i v p\u0159\u00edpad\u011b, \u017ee venku zrovna vl\u00e1dne slune\u010dn\u00e9 po\u010das\u00ed, nebo\u0165 i v takov\u00e9m p\u0159\u00edpad\u011b s sebou spousta lid\u00ed nos\u00ed alespo\u0148 lehkou bundu \u010di drobn\u00e9 p\u0159\u00edru\u010dn\u00ed zavazadlo. Ov\u0161em o tom, jak jsou oproti tomu v\u011b\u0161\u00e1ky vyt\u00ed\u017een\u00e9 v zim\u011b se snad ani nemus\u00edme rozepisovat. Av\u0161ak i to je pot\u0159eba dob\u0159e uv\u00e1\u017eit v p\u0159\u00edpad\u011b, \u017ee se chyst\u00e1me si takov\u00fd v\u011b\u0161\u00e1k \u010di n\u011bm\u00e9ho sluhu po\u0159\u00eddit. To prvn\u00ed, co bychom v takov\u00e9 situaci m\u011bli promyslet je to, kolika lidem bude tento pomocn\u00edk slou\u017eit, abychom zbyte\u010dn\u011b nepodcenili jeho kapacitu a vyhnuli se tomu, \u017ee budou na\u0161e svr\u0161ky rozm\u00edst\u011bny v m\u00edstnosti na op\u011bradlech \u017eidl\u00ed. To se m\u016f\u017ee st\u00e1t t\u00edm sp\u00ed\u0161e, pokud k n\u00e1m doraz\u00ed po\u010detn\u00e1 n\u00e1v\u0161t\u011bva, kter\u00e1 si nem\u00e1 kam odlo\u017eit. Pak k tomuto \u00fa\u010delu p\u0159irozen\u011b vyu\u017eije \u017eidle, ov\u0161em n\u00e1sledn\u011b si nebude m\u00edt kde sednou, proto\u017ee jen m\u00e1lokdo si chce sezen\u00edm pokr\u010dit sv\u00e9 oble\u010den\u00ed. Tak\u017ee je jasn\u00e9, \u017ee p\u0159i v\u00fdb\u011bru toho spr\u00e1vn\u00e9ho v\u011b\u0161\u00e1ku bychom m\u011bli myslet i na situace, kdy v byt\u011b nebudeme jen my sami. A to sam\u00e9 je pot\u0159eba zv\u00e1\u017eit i p\u0159i v\u00fdb\u011bru n\u011bm\u00e9ho sluhy, kter\u00e9ho zpravidla um\u00eds\u0165ujeme do \u0161aten \u010di lo\u017enic. Velmi toti\u017e z\u00e1le\u017e\u00ed na tom, kolik osob jej bude vyu\u017e\u00edvat a jak\u00e9 typy svr\u0161k\u016f si na n\u011bj budeme nej\u010dast\u011bji odkl\u00e1dat. Nicm\u00e9n\u011b pokud si ud\u011bl\u00e1me jasno v tomto z\u00e1kladn\u00edm parametru, pak ji\u017e m\u016f\u017eeme vyb\u00edrat podle sv\u00e9ho vkusu a typu za\u0159\u00edzen\u00ed interi\u00e9ru tak, aby tam n\u00e1\u0161 nov\u00fd n\u011bm\u00fd sluha \u010di v\u011b\u0161\u00e1k dob\u0159e zapadl. K dispozici je mnoho model\u016f v kovov\u00e9m \u010di d\u0159ev\u011bn\u00e9m proveden\u00ed a tak\u00e9 v mnoha n\u00e1padit\u00fdch designov\u00fdch variant\u00e1ch, jak klasick\u00e9ho, tak modern\u00edho st\u0159ihu. Je tak zaru\u010deno, \u017ee ten prav\u00fd kousek do sv\u00e9ho interi\u00e9ru si vybere naprosto ka\u017ed\u00fd.                                                                                                                                                                                                                                                                                                                                                                                          4.2\/5 - (6 votes)        "},{"@context":"https:\/\/schema.org\/","@type":"BreadcrumbList","itemListElement":[{"@type":"ListItem","position":1,"name":"Kvalitn\u00ed v\u011b\u0161\u00e1k by nem\u011bl chyb\u011bt v \u017e\u00e1dn\u00e9 dom\u00e1cnosti ani ve ve\u0159ejn\u00e9 \u010dek\u00e1rn\u011b","item":"https:\/\/www.ace-cr.cz\/kvalitni-vesak-by-nemel-chybet-v-zadne-domacnosti-ani-ve-verejne-cekarne\/#breadcrumbitem"}]}]