[{"@context":"https:\/\/schema.org\/","@type":"Article","@id":"https:\/\/www.ace-cr.cz\/jak-dat-domu-historicky-raz\/#Article","mainEntityOfPage":"https:\/\/www.ace-cr.cz\/jak-dat-domu-historicky-raz\/","headline":"Jak d\u00e1t domu historick\u00fd r\u00e1z","name":"Jak d\u00e1t domu historick\u00fd r\u00e1z","description":"Pl\u00e1nujete p\u0159estavbu nebo celkovou rekonstrukci va\u0161eho domu? Chcete, aby jeho styl splynul s okol\u00edm? S\u00e1hn\u011bte po d\u0159evu. D\u0159evo je v dne\u0161n\u00ed dob\u011b velmi obl\u00edben\u00fdm materi\u00e1lem, kter\u00fd v\u00e1s nadchne nejen svou p\u0159\u00edrodn\u00ed \u010distotou, ale z\u00e1rove\u0148 dod\u00e1 va\u0161emu domu neopakovateln\u00fd r\u00e1z. My m\u00e1me zku\u0161enosti D\u0159evo, u\u017e p\u0159i vysloven\u00ed v\u00e1s h\u0159eje p\u0159\u00edjemn\u00fd pocit. Je to p\u0159\u00edrodn\u00ed materi\u00e1l, s [&hellip;]","datePublished":"2025-01-07","dateModified":"2025-01-07","author":{"@type":"Person","@id":"https:\/\/www.ace-cr.cz\/author\/devene\/#Person","name":"devene","url":"https:\/\/www.ace-cr.cz\/author\/devene\/","identifier":1,"image":{"@type":"ImageObject","@id":"https:\/\/secure.gravatar.com\/avatar\/4006af731f458a56e90e1a4ecbb37f08f11b51b80cb9267b6a6e5547922ff49d?s=96&d=mm&r=g","url":"https:\/\/secure.gravatar.com\/avatar\/4006af731f458a56e90e1a4ecbb37f08f11b51b80cb9267b6a6e5547922ff49d?s=96&d=mm&r=g","height":96,"width":96}},"publisher":{"@type":"Organization","name":"ace-cr.cz","logo":{"@type":"ImageObject","@id":"\/logo.png","url":"\/logo.png","width":600,"height":60}},"url":"https:\/\/www.ace-cr.cz\/jak-dat-domu-historicky-raz\/","wordCount":175,"articleBody":"Pl\u00e1nujete p\u0159estavbu nebo celkovou rekonstrukci va\u0161eho domu? Chcete, aby jeho styl splynul s okol\u00edm? S\u00e1hn\u011bte po d\u0159evu. D\u0159evo je v dne\u0161n\u00ed dob\u011b velmi obl\u00edben\u00fdm materi\u00e1lem, kter\u00fd v\u00e1s nadchne nejen svou p\u0159\u00edrodn\u00ed \u010distotou, ale z\u00e1rove\u0148 dod\u00e1 va\u0161emu domu neopakovateln\u00fd r\u00e1z. My m\u00e1me zku\u0161enosti D\u0159evo, u\u017e p\u0159i vysloven\u00ed v\u00e1s h\u0159eje p\u0159\u00edjemn\u00fd pocit. Je to p\u0159\u00edrodn\u00ed materi\u00e1l, s kter\u00fdm pracovali ji\u017e na\u0161i p\u0159edkov\u00e9 a v dne\u0161n\u00ed usp\u011bchan\u00e9 a p\u0159emodernizovan\u00e9 dob\u011b se k n\u00e1m vrac\u00ed zp\u00e1tky. D\u0159evo m\u016f\u017ee m\u00edt n\u011bkolik podob, barev a \u0161k\u00e1lu vyu\u017eit\u00ed. My v\u00e1m nab\u00edz\u00edme na\u0161e d\u0159ev\u011bn\u00e1 eurookna, jednoduch\u00e1 nebo \u0161paletov\u00e1. Pou\u017e\u00edv\u00e1me d\u0159evo t\u00e9 nejvy\u0161\u0161\u00ed kvality a na\u0161i pracovn\u00edci, kte\u0159\u00ed v\u00e1m je rovn\u011b\u017e namontuj\u00ed, jsou odborn\u00edci na slovo vzat\u00ed. Nemus\u00edte se starat ani o dopravu, tu rovn\u011b\u017e zajist\u00edme my.                                                                                                                                                                                                                                                                                                                                                                                        1\/5 - (1 vote)        "},{"@context":"https:\/\/schema.org\/","@type":"BreadcrumbList","itemListElement":[{"@type":"ListItem","position":1,"name":"Jak d\u00e1t domu historick\u00fd r\u00e1z","item":"https:\/\/www.ace-cr.cz\/jak-dat-domu-historicky-raz\/#breadcrumbitem"}]}]