[{"@context":"https:\/\/schema.org\/","@type":"Article","@id":"https:\/\/www.ace-cr.cz\/fotografie-v-tehotenstvi-a-po-nem-chce-mit-kazda-rodina\/#Article","mainEntityOfPage":"https:\/\/www.ace-cr.cz\/fotografie-v-tehotenstvi-a-po-nem-chce-mit-kazda-rodina\/","headline":"Fotografie v t\u011bhotenstv\u00ed a po n\u011bm chce m\u00edt ka\u017ed\u00e1 rodina","name":"Fotografie v t\u011bhotenstv\u00ed a po n\u011bm chce m\u00edt ka\u017ed\u00e1 rodina","description":"Z\u00e1le\u017e\u00ed v\u00e1m na tom, abyste si ve va\u0161em \u017eivot\u011b nenechaly uj\u00edt \u017e\u00e1dnou p\u0159\u00edle\u017eitost, jak zaznamenat tyto chv\u00edle, tak, aby v\u00e1m z\u016fstaly nav\u017edy? I kdy\u017e to nejkouzeln\u011bj\u0161\u00ed obdob\u00ed \u017eeny netrv\u00e1 v\u011b\u010dn\u011b a jednou jej\u00ed t\u011bhotenstv\u00ed skon\u010d\u00ed, odn\u00e9st si z n\u011bho m\u016f\u017ee nejen dar, jak\u00fdm je zdrav\u00e9 d\u011b\u0165\u00e1tko, ale i vzpom\u00ednky v podob\u011b fotografi\u00ed s b\u0159\u00ed\u0161kem a [&hellip;]","datePublished":"2020-02-16","dateModified":"2023-08-17","author":{"@type":"Person","@id":"https:\/\/www.ace-cr.cz\/author\/devene\/#Person","name":"devene","url":"https:\/\/www.ace-cr.cz\/author\/devene\/","identifier":1,"image":{"@type":"ImageObject","@id":"https:\/\/secure.gravatar.com\/avatar\/4006af731f458a56e90e1a4ecbb37f08f11b51b80cb9267b6a6e5547922ff49d?s=96&d=mm&r=g","url":"https:\/\/secure.gravatar.com\/avatar\/4006af731f458a56e90e1a4ecbb37f08f11b51b80cb9267b6a6e5547922ff49d?s=96&d=mm&r=g","height":96,"width":96}},"publisher":{"@type":"Organization","name":"ace-cr.cz","logo":{"@type":"ImageObject","@id":"\/logo.png","url":"\/logo.png","width":600,"height":60}},"image":{"@type":"ImageObject","@id":"https:\/\/www.ace-cr.cz\/wp-content\/uploads\/img_a374918_w1746_t1586864057.jpg","url":"https:\/\/www.ace-cr.cz\/wp-content\/uploads\/img_a374918_w1746_t1586864057.jpg","height":0,"width":0},"url":"https:\/\/www.ace-cr.cz\/fotografie-v-tehotenstvi-a-po-nem-chce-mit-kazda-rodina\/","about":["Business"],"wordCount":465,"articleBody":"         Z\u00e1le\u017e\u00ed v\u00e1m na tom, abyste si ve va\u0161em \u017eivot\u011b nenechaly uj\u00edt \u017e\u00e1dnou p\u0159\u00edle\u017eitost, jak zaznamenat tyto chv\u00edle, tak, aby v\u00e1m z\u016fstaly nav\u017edy? I kdy\u017e to nejkouzeln\u011bj\u0161\u00ed obdob\u00ed \u017eeny netrv\u00e1 v\u011b\u010dn\u011b a jednou jej\u00ed t\u011bhotenstv\u00ed skon\u010d\u00ed, odn\u00e9st si z n\u011bho m\u016f\u017ee nejen dar, jak\u00fdm je zdrav\u00e9 d\u011b\u0165\u00e1tko, ale i vzpom\u00ednky v podob\u011b fotografi\u00ed s b\u0159\u00ed\u0161kem a va\u0161\u00edm partnerem. Fotograf Zl\u00edn v\u00e1m p\u0159\u00e1n\u00ed pom\u016f\u017ee prom\u011bnit ve skute\u010dnost a d\u00e1t v\u00e1m takovou vzpom\u00ednku, ze kter\u00e9 se budete t\u011b\u0161it p\u0159i ka\u017ed\u00e9 p\u0159\u00edle\u017eitosti, kdy budete listovat va\u0161\u00edm albem. Fotografie P\u0158ED, PO a PAK  Je\u0161t\u011b p\u0159ed porodem byste m\u011bly oslovit fotografa, kter\u00fd v\u00e1m ud\u011bl\u00e1 profesion\u00e1ln\u00ed fotky va\u0161eho b\u0159\u00ed\u0161ka. Zpravidla se o tyto slu\u017eby zaj\u00edmaj\u00ed \u017eeny a\u017e ke konci t\u011bhotenstv\u00ed, kdy je velikost miminka u\u017e nep\u0159ehl\u00e9dnuteln\u00e1 a kr\u00e1su \u017eeny nejv\u00edce zv\u00fdrazn\u00ed. P\u0159i tomto focen\u00ed by nem\u011bl chyb\u011bt  ani i partner, kter\u00fd se nemalou m\u00edrou p\u0159i\u010dinil o dar, kter\u00fd nos\u00edte pod srdcem. Dle va\u0161eho p\u0159\u00e1n\u00ed a po\u017eadavk\u016f si tedy nechte ud\u011blat sn\u00edmky, kter\u00e9 v\u00e1m i po letech vyhrknou slzy do o\u010d\u00ed, kter\u00e9 budou pochopiteln\u011b od \u0161t\u011bst\u00ed.  Pokud je va\u0161\u00edm p\u0159\u00e1n\u00edm zv\u011b\u010dnit va\u0161e miminko do portr\u00e9tu, kter\u00fd by byl na profesion\u00e1ln\u00ed \u00farovni, novorozeneck\u00e9 focen\u00ed je ide\u00e1ln\u00edm \u0159e\u0161en\u00edm, jak to ud\u011blat.Tento druh fotografi\u00ed se pokl\u00e1d\u00e1 za nejkouzeln\u011bj\u0161\u00ed ze v\u0161ech, proto\u017ee se neobejde bez dojet\u00ed a nepochybn\u011b i roztomilosti kr\u00e1sn\u00fdch miminek. Prov\u00e1d\u00ed se ov\u0161em je\u0161t\u011b v \u0161estined\u011bl\u00ed, kdy novorozence po\u0159\u00edzen\u00ed sn\u00edmk\u016f neru\u0161\u00ed a nijak neobt\u011b\u017euje. A pokud m\u00e1te n\u011bjak\u00fd n\u00e1pad, jak ho je\u0161t\u011b v\u00edce zdokonalit, nev\u00e1hejte se s n\u00edm pod\u011blit a sv\u011b\u0159it ho va\u0161emu fotografovi.  M\u00e1te doma i star\u0161\u00ed d\u00edtko? V tom p\u0159\u00edpad\u011b ho nesm\u00edte z focen\u00ed s jeho mal\u00fdm sourozencem vynechat. V\u011b\u0159te tomu nebo ne, ale sn\u00edmky, na kter\u00fdch budou va\u0161e d\u011bti p\u0159ekypovat sourozeneckou l\u00e1skou, kter\u00e1 i d\u00edky kvalit\u011b fotografi\u00ed bude nep\u0159ehl\u00e9dnuteln\u00e1, bude vzpom\u00ednkou, za kterou v\u00e1m v dosp\u011blosti jist\u011b pod\u011bkuj\u00ed. Vyhledejte i vy slu\u017eby profesion\u00e1ln\u00edho fotografa a s pomoc\u00ed jeho zku\u0161enost\u00ed a smyslem pro detail nechte va\u0161e \u017eivotn\u00ed chv\u00edle zapsat do va\u0161ich vzpom\u00ednek, kter\u00e9 si budete p\u0159ipom\u00ednat i d\u00edky sn\u00edmk\u016fm, kter\u00e9 nebudou m\u00edt jedinou chybi\u010dku.                                                                                                                                                                                                                                                                                                                                                                                          4\/5 - (4 votes)        "},{"@context":"https:\/\/schema.org\/","@type":"BreadcrumbList","itemListElement":[{"@type":"ListItem","position":1,"name":"Fotografie v t\u011bhotenstv\u00ed a po n\u011bm chce m\u00edt ka\u017ed\u00e1 rodina","item":"https:\/\/www.ace-cr.cz\/fotografie-v-tehotenstvi-a-po-nem-chce-mit-kazda-rodina\/#breadcrumbitem"}]}]