[{"@context":"https:\/\/schema.org\/","@type":"Article","@id":"https:\/\/www.ace-cr.cz\/domaci-pohoda\/#Article","mainEntityOfPage":"https:\/\/www.ace-cr.cz\/domaci-pohoda\/","headline":"Dom\u00e1c\u00ed pohoda","name":"Dom\u00e1c\u00ed pohoda","description":"Vytvo\u0159it z bydlen\u00ed o\u00e1zu klidu a pohody je nelehk\u00fd a dlouhodob\u00fd \u00fakol. V\u011bzte, \u017ee n\u011bkdy to nedok\u00e1\u017eou lid\u00e9 ani za cel\u00fd sv\u016fj \u017eivot. Je to dar, kter\u00e9ho si v\u00e1\u017e\u00edme, proto\u017ee m\u00edt doma \u00fa\u017easn\u00e9 a p\u0159\u00edjemn\u00e9 prost\u0159ed\u00ed vhodn\u00e9 pro rozvoj dal\u0161\u00edho pokolen\u00ed je skute\u010dn\u011b po\u017eehn\u00e1n\u00edm. Vych\u00e1zejte ze za\u0159\u00edzen\u00ed, barev, dopl\u0148k\u016f, rodinn\u00e9ho klimatu. Cokoliv doma chyb\u00ed, sna\u017ete [&hellip;]","datePublished":"2025-04-26","dateModified":"2025-04-26","author":{"@type":"Person","@id":"https:\/\/www.ace-cr.cz\/author\/devene\/#Person","name":"devene","url":"https:\/\/www.ace-cr.cz\/author\/devene\/","identifier":1,"image":{"@type":"ImageObject","@id":"https:\/\/secure.gravatar.com\/avatar\/4006af731f458a56e90e1a4ecbb37f08f11b51b80cb9267b6a6e5547922ff49d?s=96&d=mm&r=g","url":"https:\/\/secure.gravatar.com\/avatar\/4006af731f458a56e90e1a4ecbb37f08f11b51b80cb9267b6a6e5547922ff49d?s=96&d=mm&r=g","height":96,"width":96}},"publisher":{"@type":"Organization","name":"ace-cr.cz","logo":{"@type":"ImageObject","@id":"\/logo.png","url":"\/logo.png","width":600,"height":60}},"url":"https:\/\/www.ace-cr.cz\/domaci-pohoda\/","wordCount":175,"articleBody":"Vytvo\u0159it z bydlen\u00ed o\u00e1zu klidu a pohody je nelehk\u00fd a dlouhodob\u00fd \u00fakol. V\u011bzte, \u017ee n\u011bkdy to nedok\u00e1\u017eou lid\u00e9 ani za cel\u00fd sv\u016fj \u017eivot. Je to dar, kter\u00e9ho si v\u00e1\u017e\u00edme, proto\u017ee m\u00edt doma \u00fa\u017easn\u00e9 a p\u0159\u00edjemn\u00e9 prost\u0159ed\u00ed vhodn\u00e9 pro rozvoj dal\u0161\u00edho pokolen\u00ed je skute\u010dn\u011b po\u017eehn\u00e1n\u00edm. Vych\u00e1zejte ze za\u0159\u00edzen\u00ed, barev, dopl\u0148k\u016f, rodinn\u00e9ho klimatu. Cokoliv doma chyb\u00ed, sna\u017ete se dokoupit a dod\u011blat, by\u0165 by jste m\u011bli pr\u00e1v\u011b p\u0159iharcovat s posledn\u00edmi interi\u00e9rov\u00fdmi dve\u0159mi, kter\u00e9 doposud mezi futry nebyly. D\u011btsk\u00e9 pokoj\u00ed\u010dky A jestli byly oba d\u011btsk\u00e9 pokoj\u00edky a\u017e dote\u010f pr\u016fchoz\u00ed, nezapome\u0148te, \u017ee d\u011bti rostou a pr\u016fchod u\u017e je bude sp\u00ed\u0161e znerv\u00f3z\u0148ovat ne\u017e t\u011b\u0161it. Interi\u00e9rov\u00e9 dve\u0159e jsou u\u017e na m\u00edst\u011b a va\u0161\u00edm \u00fakolem je nasadit je do pant\u016f co nejd\u0159\u00edve. A pak to kone\u010dn\u011b bude doma b\u00e1je\u010dn\u011b \u00fatuln\u00e9 a kr\u00e1sn\u00e9!                                                                                                                                                                                                                                                                                                                                                                                                "},{"@context":"https:\/\/schema.org\/","@type":"BreadcrumbList","itemListElement":[{"@type":"ListItem","position":1,"name":"Dom\u00e1c\u00ed pohoda","item":"https:\/\/www.ace-cr.cz\/domaci-pohoda\/#breadcrumbitem"}]}]