{"@context":"https:\/\/schema.org\/","@type":"CollectionPage","@id":"https:\/\/www.ace-cr.cz\/business\/#CollectionPage","headline":"Business Category","description":"","url":"https:\/\/www.ace-cr.cz\/business\/","hasPart":[{"@type":"Article","@id":"https:\/\/www.ace-cr.cz\/koberec-nemusi-byt-vzdy-novy-ale-cisty-ano\/","headline":"Koberec nemus\u00ed b\u00fdt v\u017edy nov\u00fd, ale \u010dist\u00fd ano","url":"https:\/\/www.ace-cr.cz\/koberec-nemusi-byt-vzdy-novy-ale-cisty-ano\/","datePublished":"2019-09-25","dateModified":"2023-04-27","mainEntityOfPage":"https:\/\/www.ace-cr.cz\/koberec-nemusi-byt-vzdy-novy-ale-cisty-ano\/","author":{"@type":"Person","@id":"https:\/\/www.ace-cr.cz\/author\/devene\/#Person","name":"devene","url":"https:\/\/www.ace-cr.cz\/author\/devene\/","identifier":1,"image":{"@type":"ImageObject","@id":"https:\/\/secure.gravatar.com\/avatar\/4006af731f458a56e90e1a4ecbb37f08f11b51b80cb9267b6a6e5547922ff49d?s=96&d=mm&r=g","url":"https:\/\/secure.gravatar.com\/avatar\/4006af731f458a56e90e1a4ecbb37f08f11b51b80cb9267b6a6e5547922ff49d?s=96&d=mm&r=g","height":96,"width":96}},"publisher":{"@type":"Organization","name":"ace-cr.cz","logo":{"@type":"ImageObject","@id":"\/logo.png","url":"\/logo.png","width":600,"height":60}},"image":{"@type":"ImageObject","@id":"https:\/\/www.ace-cr.cz\/wp-content\/uploads\/img_a367445_w1746_t1579866265.jpg","url":"https:\/\/www.ace-cr.cz\/wp-content\/uploads\/img_a367445_w1746_t1579866265.jpg","height":0,"width":0},"keywords":null},{"@type":"Article","@id":"https:\/\/www.ace-cr.cz\/kdy-se-spolehat-na-sebe-a-kdy-je-naopak-lepsi-stehovak\/","headline":"Kdy se spol\u00e9hat na sebe a kdy je naopak lep\u0161\u00ed st\u011bhov\u00e1k?","url":"https:\/\/www.ace-cr.cz\/kdy-se-spolehat-na-sebe-a-kdy-je-naopak-lepsi-stehovak\/","datePublished":"2019-09-23","dateModified":"2023-04-27","mainEntityOfPage":"https:\/\/www.ace-cr.cz\/kdy-se-spolehat-na-sebe-a-kdy-je-naopak-lepsi-stehovak\/","author":{"@type":"Person","@id":"https:\/\/www.ace-cr.cz\/author\/devene\/#Person","name":"devene","url":"https:\/\/www.ace-cr.cz\/author\/devene\/","identifier":1,"image":{"@type":"ImageObject","@id":"https:\/\/secure.gravatar.com\/avatar\/4006af731f458a56e90e1a4ecbb37f08f11b51b80cb9267b6a6e5547922ff49d?s=96&d=mm&r=g","url":"https:\/\/secure.gravatar.com\/avatar\/4006af731f458a56e90e1a4ecbb37f08f11b51b80cb9267b6a6e5547922ff49d?s=96&d=mm&r=g","height":96,"width":96}},"publisher":{"@type":"Organization","name":"ace-cr.cz","logo":{"@type":"ImageObject","@id":"\/logo.png","url":"\/logo.png","width":600,"height":60}},"image":{"@type":"ImageObject","@id":"https:\/\/www.ace-cr.cz\/wp-content\/uploads\/img_a367464_w1746_t1579868683.jpg","url":"https:\/\/www.ace-cr.cz\/wp-content\/uploads\/img_a367464_w1746_t1579868683.jpg","height":0,"width":0},"keywords":null},{"@type":"Article","@id":"https:\/\/www.ace-cr.cz\/levne-ubytovani-v-praze-muzete-spojit-s-prohlidkou-prazskych-mostu\/","headline":"Levn\u00e9 ubytov\u00e1n\u00ed v Praze m\u016f\u017eete spojit s prohl\u00eddkou pra\u017esk\u00fdch most\u016f","url":"https:\/\/www.ace-cr.cz\/levne-ubytovani-v-praze-muzete-spojit-s-prohlidkou-prazskych-mostu\/","datePublished":"2019-09-08","dateModified":"2023-04-27","mainEntityOfPage":"https:\/\/www.ace-cr.cz\/levne-ubytovani-v-praze-muzete-spojit-s-prohlidkou-prazskych-mostu\/","author":{"@type":"Person","@id":"https:\/\/www.ace-cr.cz\/author\/devene\/#Person","name":"devene","url":"https:\/\/www.ace-cr.cz\/author\/devene\/","identifier":1,"image":{"@type":"ImageObject","@id":"https:\/\/secure.gravatar.com\/avatar\/4006af731f458a56e90e1a4ecbb37f08f11b51b80cb9267b6a6e5547922ff49d?s=96&d=mm&r=g","url":"https:\/\/secure.gravatar.com\/avatar\/4006af731f458a56e90e1a4ecbb37f08f11b51b80cb9267b6a6e5547922ff49d?s=96&d=mm&r=g","height":96,"width":96}},"publisher":{"@type":"Organization","name":"ace-cr.cz","logo":{"@type":"ImageObject","@id":"\/logo.png","url":"\/logo.png","width":600,"height":60}},"image":{"@type":"ImageObject","@id":"https:\/\/www.ace-cr.cz\/wp-content\/uploads\/img_a367438_w1746_t1579865486.jpg","url":"https:\/\/www.ace-cr.cz\/wp-content\/uploads\/img_a367438_w1746_t1579865486.jpg","height":0,"width":0},"keywords":null},{"@type":"Article","@id":"https:\/\/www.ace-cr.cz\/ocelove-srdce-republiky\/","headline":"Ocelov\u00e9 srdce republiky","url":"https:\/\/www.ace-cr.cz\/ocelove-srdce-republiky\/","datePublished":"2016-11-27","dateModified":"2023-04-27","mainEntityOfPage":"https:\/\/www.ace-cr.cz\/ocelove-srdce-republiky\/","author":{"@type":"Person","@id":"https:\/\/www.ace-cr.cz\/author\/devene\/#Person","name":"devene","url":"https:\/\/www.ace-cr.cz\/author\/devene\/","identifier":1,"image":{"@type":"ImageObject","@id":"https:\/\/secure.gravatar.com\/avatar\/4006af731f458a56e90e1a4ecbb37f08f11b51b80cb9267b6a6e5547922ff49d?s=96&d=mm&r=g","url":"https:\/\/secure.gravatar.com\/avatar\/4006af731f458a56e90e1a4ecbb37f08f11b51b80cb9267b6a6e5547922ff49d?s=96&d=mm&r=g","height":96,"width":96}},"publisher":{"@type":"Organization","name":"ace-cr.cz","logo":{"@type":"ImageObject","@id":"\/logo.png","url":"\/logo.png","width":600,"height":60}},"image":{"@type":"ImageObject","@id":"https:\/\/www.ace-cr.cz\/wp-content\/uploads\/img_a279469_w1746_t1602839029.jpg","url":"https:\/\/www.ace-cr.cz\/wp-content\/uploads\/img_a279469_w1746_t1602839029.jpg","height":0,"width":0},"keywords":null},{"@type":"Article","@id":"https:\/\/www.ace-cr.cz\/oceneni-ceskych-podnikatelek\/","headline":"Ocen\u011bn\u00ed \u010desk\u00fdch podnikatelek","url":"https:\/\/www.ace-cr.cz\/oceneni-ceskych-podnikatelek\/","datePublished":"2016-11-27","dateModified":"2023-04-27","mainEntityOfPage":"https:\/\/www.ace-cr.cz\/oceneni-ceskych-podnikatelek\/","author":{"@type":"Person","@id":"https:\/\/www.ace-cr.cz\/author\/devene\/#Person","name":"devene","url":"https:\/\/www.ace-cr.cz\/author\/devene\/","identifier":1,"image":{"@type":"ImageObject","@id":"https:\/\/secure.gravatar.com\/avatar\/4006af731f458a56e90e1a4ecbb37f08f11b51b80cb9267b6a6e5547922ff49d?s=96&d=mm&r=g","url":"https:\/\/secure.gravatar.com\/avatar\/4006af731f458a56e90e1a4ecbb37f08f11b51b80cb9267b6a6e5547922ff49d?s=96&d=mm&r=g","height":96,"width":96}},"publisher":{"@type":"Organization","name":"ace-cr.cz","logo":{"@type":"ImageObject","@id":"\/logo.png","url":"\/logo.png","width":600,"height":60}},"image":{"@type":"ImageObject","@id":"https:\/\/www.ace-cr.cz\/wp-content\/uploads\/img_a279468_w1746_t1602838866.jpg","url":"https:\/\/www.ace-cr.cz\/wp-content\/uploads\/img_a279468_w1746_t1602838866.jpg","height":0,"width":0},"keywords":null}]}